{"id":791,"date":"2018-11-25T18:27:15","date_gmt":"2018-11-25T17:27:15","guid":{"rendered":"http:\/\/lindner-foto.de\/?p=791"},"modified":"2018-12-19T11:10:20","modified_gmt":"2018-12-19T10:10:20","slug":"balkon-zwischenstand","status":"publish","type":"post","link":"http:\/\/lindner-foto.de\/?p=791","title":{"rendered":"Balkon &#8211; Zwischenstand"},"content":{"rendered":"<ul>\n<li>alte Fliesen und Estrich entfernt und entsorgt<\/li>\n<li>alte Holzverkleidung entfernt und (fast) entsorgt<\/li>\n<li>Steinfensterbretter geschnitten und Schlitz zum Einsetzen vorbereitet<\/li>\n<li>neues L\u00e4rchenholz als Verkleidung liegt bereit<\/li>\n<li>neue Entw\u00e4sserung aus Kupfer wurde vom Spengler montiert<\/li>\n<li>Fassadenverkleidung an Entw\u00e4sserung ausgebessert<\/li>\n<li>Balkongel\u00e4nder gestrichen<\/li>\n<\/ul>\n<p>Sobald das Wetter \u00fcber 5 Grad und trocken ist:<\/p>\n<ul>\n<li>Abdichtung vom Fachmann anbringen lassen<\/li>\n<li>Fensterbretter einkleben und verputzen<\/li>\n<li>Eisenpfosten anschleifen und lackieren<\/li>\n<li>Decke\u00a0 und Wand wei\u00dfen<\/li>\n<li>L\u00e4rchenholz montieren<\/li>\n<\/ul>\n<p><img loading=\"lazy\" class=\"alignnone wp-image-820 size-large\" src=\"http:\/\/lindner-foto.de\/wp-content\/uploads\/2018\/11\/IMG-20181113-WA0000-576x1024.jpg\" alt=\"IMG-20181113-WA0000\" width=\"576\" height=\"1024\" srcset=\"http:\/\/lindner-foto.de\/wp-content\/uploads\/2018\/11\/IMG-20181113-WA0000-576x1024.jpg 576w, http:\/\/lindner-foto.de\/wp-content\/uploads\/2018\/11\/IMG-20181113-WA0000-169x300.jpg 169w, http:\/\/lindner-foto.de\/wp-content\/uploads\/2018\/11\/IMG-20181113-WA0000-768x1365.jpg 768w, http:\/\/lindner-foto.de\/wp-content\/uploads\/2018\/11\/IMG-20181113-WA0000.jpg 900w\" sizes=\"(max-width: 576px) 85vw, 576px\" \/><\/p>\n","protected":false},"excerpt":{"rendered":"<p>alte Fliesen und Estrich entfernt und entsorgt alte Holzverkleidung entfernt und (fast) entsorgt Steinfensterbretter geschnitten und Schlitz zum Einsetzen vorbereitet neues L\u00e4rchenholz als Verkleidung liegt bereit neue Entw\u00e4sserung aus Kupfer wurde vom Spengler montiert Fassadenverkleidung an Entw\u00e4sserung ausgebessert Balkongel\u00e4nder gestrichen Sobald das Wetter \u00fcber 5 Grad und trocken ist: Abdichtung vom Fachmann anbringen lassen Fensterbretter &hellip; <a href=\"http:\/\/lindner-foto.de\/?p=791\" class=\"more-link\"><span class=\"screen-reader-text\">\u201eBalkon &#8211; Zwischenstand\u201c<\/span> weiterlesen<\/a><\/p>\n","protected":false},"author":1,"featured_media":0,"comment_status":"open","ping_status":"open","sticky":false,"template":"","format":"standard","meta":[],"categories":[3],"tags":[],"_links":{"self":[{"href":"http:\/\/lindner-foto.de\/index.php?rest_route=\/wp\/v2\/posts\/791"}],"collection":[{"href":"http:\/\/lindner-foto.de\/index.php?rest_route=\/wp\/v2\/posts"}],"about":[{"href":"http:\/\/lindner-foto.de\/index.php?rest_route=\/wp\/v2\/types\/post"}],"author":[{"embeddable":true,"href":"http:\/\/lindner-foto.de\/index.php?rest_route=\/wp\/v2\/users\/1"}],"replies":[{"embeddable":true,"href":"http:\/\/lindner-foto.de\/index.php?rest_route=%2Fwp%2Fv2%2Fcomments&post=791"}],"version-history":[{"count":4,"href":"http:\/\/lindner-foto.de\/index.php?rest_route=\/wp\/v2\/posts\/791\/revisions"}],"predecessor-version":[{"id":822,"href":"http:\/\/lindner-foto.de\/index.php?rest_route=\/wp\/v2\/posts\/791\/revisions\/822"}],"wp:attachment":[{"href":"http:\/\/lindner-foto.de\/index.php?rest_route=%2Fwp%2Fv2%2Fmedia&parent=791"}],"wp:term":[{"taxonomy":"category","embeddable":true,"href":"http:\/\/lindner-foto.de\/index.php?rest_route=%2Fwp%2Fv2%2Fcategories&post=791"},{"taxonomy":"post_tag","embeddable":true,"href":"http:\/\/lindner-foto.de\/index.php?rest_route=%2Fwp%2Fv2%2Ftags&post=791"}],"curies":[{"name":"wp","href":"https:\/\/api.w.org\/{rel}","templated":true}]}}